{"id":238,"date":"2016-09-06T13:34:09","date_gmt":"2016-09-06T11:34:09","guid":{"rendered":"https:\/\/iwacu-burundi.org\/opendata\/?p=238"},"modified":"2021-04-20T11:38:23","modified_gmt":"2021-04-20T09:38:23","slug":"iod-bu-018-classement-rsf-liberte-presse","status":"publish","type":"post","link":"https:\/\/iwacu-burundi.org\/opendata\/iod-bu-018-classement-rsf-liberte-presse\/","title":{"rendered":"Le Burundi dans le classement mondial de la libert\u00e9 de la presse (RSF)"},"content":{"rendered":"<p>Le classement mondial de la libert\u00e9 de la presse est \u00e9tabli par l\u2019organisation Reporters sans Fronti\u00e8res (RSF) depuis 2002. La m\u00e9thodologie, <a href=\"https:\/\/rsf.org\/fr\/ranking\/2020\" target=\"_blank\" rel=\"noopener noreferrer\">d\u00e9taill\u00e9e sur cette page<\/a>, s\u2019appuie sur un questionnaire de 87 questions, abordant diff\u00e9rentes th\u00e9matiques\u00a0: le pluralisme, l\u2019ind\u00e9pendance des m\u00e9dias, l\u2019environnement et l\u2019autocensure, le cadre l\u00e9gal, la transparence et la qualit\u00e9 des infrastructures soutenant la production de l\u2019information. L\u2019\u00e9valuation tient \u00e9galement compte des atteintes \u00e0 la libert\u00e9 de la presse.<\/p>\n","protected":false},"excerpt":{"rendered":"<p>Le classement mondial de la libert\u00e9 de la presse est \u00e9tabli par l\u2019organisation Reporters sans Fronti\u00e8res (RSF) depuis 2002. La m\u00e9thodologie, d\u00e9taill\u00e9e sur cette page, s\u2019appuie sur un questionnaire de 87 questions, abordant diff\u00e9rentes th\u00e9matiques\u00a0: le pluralisme, l\u2019ind\u00e9pendance des m\u00e9dias, l\u2019environnement et l\u2019autocensure, le cadre l\u00e9gal, la transparence et la qualit\u00e9 des infrastructures soutenant la [&hellip;]<\/p>\n","protected":false},"author":1,"featured_media":144491,"comment_status":"closed","ping_status":"closed","sticky":false,"template":"","format":"standard","meta":{"footnotes":""},"categories":[20],"tags":[55,54],"class_list":["post-238","post","type-post","status-publish","format-standard","has-post-thumbnail","hentry","category-culture","tag-liberte-de-la-presse","tag-medias"],"_links":{"self":[{"href":"https:\/\/iwacu-burundi.org\/opendata\/wp-json\/wp\/v2\/posts\/238","targetHints":{"allow":["GET"]}}],"collection":[{"href":"https:\/\/iwacu-burundi.org\/opendata\/wp-json\/wp\/v2\/posts"}],"about":[{"href":"https:\/\/iwacu-burundi.org\/opendata\/wp-json\/wp\/v2\/types\/post"}],"author":[{"embeddable":true,"href":"https:\/\/iwacu-burundi.org\/opendata\/wp-json\/wp\/v2\/users\/1"}],"replies":[{"embeddable":true,"href":"https:\/\/iwacu-burundi.org\/opendata\/wp-json\/wp\/v2\/comments?post=238"}],"version-history":[{"count":2,"href":"https:\/\/iwacu-burundi.org\/opendata\/wp-json\/wp\/v2\/posts\/238\/revisions"}],"predecessor-version":[{"id":143941,"href":"https:\/\/iwacu-burundi.org\/opendata\/wp-json\/wp\/v2\/posts\/238\/revisions\/143941"}],"wp:featuredmedia":[{"embeddable":true,"href":"https:\/\/iwacu-burundi.org\/opendata\/wp-json\/wp\/v2\/media\/144491"}],"wp:attachment":[{"href":"https:\/\/iwacu-burundi.org\/opendata\/wp-json\/wp\/v2\/media?parent=238"}],"wp:term":[{"taxonomy":"category","embeddable":true,"href":"https:\/\/iwacu-burundi.org\/opendata\/wp-json\/wp\/v2\/categories?post=238"},{"taxonomy":"post_tag","embeddable":true,"href":"https:\/\/iwacu-burundi.org\/opendata\/wp-json\/wp\/v2\/tags?post=238"}],"curies":[{"name":"wp","href":"https:\/\/api.w.org\/{rel}","templated":true}]}}