{"@context":"https:\/\/schema.org\/","@type":"CollectionPage","@id":"https:\/\/iwacu-burundi.org\/opendata\/tags\/emplois\/#CollectionPage","headline":"emplois Tag","description":"","url":"https:\/\/iwacu-burundi.org\/opendata\/tags\/emplois\/","hasPart":[{"@type":"BlogPosting","@id":"https:\/\/iwacu-burundi.org\/opendata\/iod-bu-214-emplois-directs-crees-par-les-operateurs-de-la-telephonie2014-2018\/","headline":"Emplois directs cr\u00e9\u00e9s par les op\u00e9rateurs de la t\u00e9l\u00e9phonie (2014-2018)","url":"https:\/\/iwacu-burundi.org\/opendata\/iod-bu-214-emplois-directs-crees-par-les-operateurs-de-la-telephonie2014-2018\/","datePublished":"2019-07-31","dateModified":"2020-09-30","mainEntityOfPage":"https:\/\/iwacu-burundi.org\/opendata\/iod-bu-214-emplois-directs-crees-par-les-operateurs-de-la-telephonie2014-2018\/","author":{"@type":"Person","@id":"https:\/\/iwacu-burundi.org\/opendata\/author\/iwacudataadminlo\/#Person","name":"R\u00e9daction Iwacu","url":"https:\/\/iwacu-burundi.org\/opendata\/author\/iwacudataadminlo\/","identifier":3,"image":{"@type":"ImageObject","@id":"https:\/\/secure.gravatar.com\/avatar\/81f9d32a9b37383c4c5c240fab00f3acd87202c0a1e6d380eba8e8819ef16512?s=96&d=blank&r=g","url":"https:\/\/secure.gravatar.com\/avatar\/81f9d32a9b37383c4c5c240fab00f3acd87202c0a1e6d380eba8e8819ef16512?s=96&d=blank&r=g","height":96,"width":96}},"publisher":{"@type":"Organization","name":"Groupe de Presse Iwacu","logo":{"@type":"ImageObject","@id":"https:\/\/iwacu-burundi.org\/opendata\/wp-content\/uploads\/2016\/08\/logo.jpg","url":"https:\/\/iwacu-burundi.org\/opendata\/wp-content\/uploads\/2016\/08\/logo.jpg","width":236,"height":134}},"image":{"@type":"ImageObject","@id":"https:\/\/iwacu-burundi.org\/opendata\/wp-content\/uploads\/2019\/07\/telecommunication.png","url":"https:\/\/iwacu-burundi.org\/opendata\/wp-content\/uploads\/2019\/07\/telecommunication.png","height":409,"width":622},"keywords":["emplois"]},{"@type":"BlogPosting","@id":"https:\/\/iwacu-burundi.org\/opendata\/iod-bu-154-emplois-vulnerables-femmes\/","headline":"Emplois vuln\u00e9rables, femmes (% des emplois chez les femmes)","url":"https:\/\/iwacu-burundi.org\/opendata\/iod-bu-154-emplois-vulnerables-femmes\/","datePublished":"2018-07-19","dateModified":"2020-10-06","mainEntityOfPage":"https:\/\/iwacu-burundi.org\/opendata\/iod-bu-154-emplois-vulnerables-femmes\/","author":{"@type":"Person","@id":"https:\/\/iwacu-burundi.org\/opendata\/author\/iwacudataadminlo\/#Person","name":"R\u00e9daction Iwacu","url":"https:\/\/iwacu-burundi.org\/opendata\/author\/iwacudataadminlo\/","identifier":3,"image":{"@type":"ImageObject","@id":"https:\/\/secure.gravatar.com\/avatar\/81f9d32a9b37383c4c5c240fab00f3acd87202c0a1e6d380eba8e8819ef16512?s=96&d=blank&r=g","url":"https:\/\/secure.gravatar.com\/avatar\/81f9d32a9b37383c4c5c240fab00f3acd87202c0a1e6d380eba8e8819ef16512?s=96&d=blank&r=g","height":96,"width":96}},"publisher":{"@type":"Organization","name":"Groupe de Presse Iwacu","logo":{"@type":"ImageObject","@id":"https:\/\/iwacu-burundi.org\/opendata\/wp-content\/uploads\/2016\/08\/logo.jpg","url":"https:\/\/iwacu-burundi.org\/opendata\/wp-content\/uploads\/2016\/08\/logo.jpg","width":236,"height":134}},"image":{"@type":"ImageObject","@id":"https:\/\/iwacu-burundi.org\/opendata\/wp-content\/uploads\/2018\/07\/Emplois-femmes.jpeg","url":"https:\/\/iwacu-burundi.org\/opendata\/wp-content\/uploads\/2018\/07\/Emplois-femmes.jpeg","height":800,"width":832},"keywords":["emplois"]}]}