{"@context":"https:\/\/schema.org\/","@type":"CollectionPage","@id":"https:\/\/iwacu-burundi.org\/opendata\/tags\/electricite\/#CollectionPage","headline":"Electricit\u00e9 Tag","description":"","url":"https:\/\/iwacu-burundi.org\/opendata\/tags\/electricite\/","hasPart":[{"@type":"BlogPosting","@id":"https:\/\/iwacu-burundi.org\/opendata\/iod-bu-221-taux-delectrification-zone-urbaine-1998-2018-et-zone-rurale\/","headline":"Taux d&rsquo;\u00e9lectrification: Zone urbaine 1998-2018 et zone rurale 2008-2018","url":"https:\/\/iwacu-burundi.org\/opendata\/iod-bu-221-taux-delectrification-zone-urbaine-1998-2018-et-zone-rurale\/","datePublished":"2021-06-07","dateModified":"2021-06-07","mainEntityOfPage":"https:\/\/iwacu-burundi.org\/opendata\/iod-bu-221-taux-delectrification-zone-urbaine-1998-2018-et-zone-rurale\/","author":{"@type":"Person","@id":"https:\/\/iwacu-burundi.org\/opendata\/author\/iwacudataadminlo\/#Person","name":"R\u00e9daction Iwacu","url":"https:\/\/iwacu-burundi.org\/opendata\/author\/iwacudataadminlo\/","identifier":3,"image":{"@type":"ImageObject","@id":"https:\/\/secure.gravatar.com\/avatar\/81f9d32a9b37383c4c5c240fab00f3acd87202c0a1e6d380eba8e8819ef16512?s=96&d=blank&r=g","url":"https:\/\/secure.gravatar.com\/avatar\/81f9d32a9b37383c4c5c240fab00f3acd87202c0a1e6d380eba8e8819ef16512?s=96&d=blank&r=g","height":96,"width":96}},"publisher":{"@type":"Organization","name":"Groupe de Presse Iwacu","logo":{"@type":"ImageObject","@id":"https:\/\/iwacu-burundi.org\/opendata\/wp-content\/uploads\/2016\/08\/logo.jpg","url":"https:\/\/iwacu-burundi.org\/opendata\/wp-content\/uploads\/2016\/08\/logo.jpg","width":236,"height":134}},"image":{"@type":"ImageObject","@id":"https:\/\/iwacu-burundi.org\/opendata\/wp-content\/uploads\/2021\/06\/taux-d-lectrification-zone-urbaine-1998-2018-et-zone-rurale-2008-2018-.png","url":"https:\/\/iwacu-burundi.org\/opendata\/wp-content\/uploads\/2021\/06\/taux-d-lectrification-zone-urbaine-1998-2018-et-zone-rurale-2008-2018-.png","height":1094,"width":1240},"keywords":["Electricit\u00e9"]},{"@type":"BlogPosting","@id":"https:\/\/iwacu-burundi.org\/opendata\/iod-bu-220-taux-delectrification-au-burundi\/","headline":"Taux d&rsquo;\u00e9lectrification au Burundi 1997-2018","url":"https:\/\/iwacu-burundi.org\/opendata\/iod-bu-220-taux-delectrification-au-burundi\/","datePublished":"2021-06-07","dateModified":"2021-06-07","mainEntityOfPage":"https:\/\/iwacu-burundi.org\/opendata\/iod-bu-220-taux-delectrification-au-burundi\/","author":{"@type":"Person","@id":"https:\/\/iwacu-burundi.org\/opendata\/author\/iwacudataadminlo\/#Person","name":"R\u00e9daction Iwacu","url":"https:\/\/iwacu-burundi.org\/opendata\/author\/iwacudataadminlo\/","identifier":3,"image":{"@type":"ImageObject","@id":"https:\/\/secure.gravatar.com\/avatar\/81f9d32a9b37383c4c5c240fab00f3acd87202c0a1e6d380eba8e8819ef16512?s=96&d=blank&r=g","url":"https:\/\/secure.gravatar.com\/avatar\/81f9d32a9b37383c4c5c240fab00f3acd87202c0a1e6d380eba8e8819ef16512?s=96&d=blank&r=g","height":96,"width":96}},"publisher":{"@type":"Organization","name":"Groupe de Presse Iwacu","logo":{"@type":"ImageObject","@id":"https:\/\/iwacu-burundi.org\/opendata\/wp-content\/uploads\/2016\/08\/logo.jpg","url":"https:\/\/iwacu-burundi.org\/opendata\/wp-content\/uploads\/2016\/08\/logo.jpg","width":236,"height":134}},"image":{"@type":"ImageObject","@id":"https:\/\/iwacu-burundi.org\/opendata\/wp-content\/uploads\/2021\/06\/taux-d-lectrification-1997-2018.png","url":"https:\/\/iwacu-burundi.org\/opendata\/wp-content\/uploads\/2021\/06\/taux-d-lectrification-1997-2018.png","height":840,"width":1240},"keywords":["Electricit\u00e9"]},{"@type":"BlogPosting","@id":"https:\/\/iwacu-burundi.org\/opendata\/iod_bu_105_evolution-production-delectrique2008-2016\/","headline":"Evolution de la production d&rsquo;\u00e9negie \u00e9lectrique(2008-2016)","url":"https:\/\/iwacu-burundi.org\/opendata\/iod_bu_105_evolution-production-delectrique2008-2016\/","datePublished":"2017-08-07","dateModified":"2020-10-06","mainEntityOfPage":"https:\/\/iwacu-burundi.org\/opendata\/iod_bu_105_evolution-production-delectrique2008-2016\/","author":{"@type":"Person","@id":"https:\/\/iwacu-burundi.org\/opendata\/author\/iwacudataadminlo\/#Person","name":"R\u00e9daction Iwacu","url":"https:\/\/iwacu-burundi.org\/opendata\/author\/iwacudataadminlo\/","identifier":3,"image":{"@type":"ImageObject","@id":"https:\/\/secure.gravatar.com\/avatar\/81f9d32a9b37383c4c5c240fab00f3acd87202c0a1e6d380eba8e8819ef16512?s=96&d=blank&r=g","url":"https:\/\/secure.gravatar.com\/avatar\/81f9d32a9b37383c4c5c240fab00f3acd87202c0a1e6d380eba8e8819ef16512?s=96&d=blank&r=g","height":96,"width":96}},"publisher":{"@type":"Organization","name":"Groupe de Presse Iwacu","logo":{"@type":"ImageObject","@id":"https:\/\/iwacu-burundi.org\/opendata\/wp-content\/uploads\/2016\/08\/logo.jpg","url":"https:\/\/iwacu-burundi.org\/opendata\/wp-content\/uploads\/2016\/08\/logo.jpg","width":236,"height":134}},"image":{"@type":"ImageObject","@id":"https:\/\/iwacu-burundi.org\/opendata\/wp-content\/uploads\/2017\/08\/Evolution-de-la-production-d\u00e9nergie-\u00e9lectrique2008-2016.jpg","url":"https:\/\/iwacu-burundi.org\/opendata\/wp-content\/uploads\/2017\/08\/Evolution-de-la-production-d\u00e9nergie-\u00e9lectrique2008-2016.jpg","height":683,"width":1024},"keywords":["Electricit\u00e9","Energie"]}]}