{"@context":"https:\/\/schema.org\/","@type":"CollectionPage","@id":"https:\/\/iwacu-burundi.org\/opendata\/tags\/demographie\/#CollectionPage","headline":"d\u00e9mographie Tag","description":"","url":"https:\/\/iwacu-burundi.org\/opendata\/tags\/demographie\/","hasPart":[{"@type":"BlogPosting","@id":"https:\/\/iwacu-burundi.org\/opendata\/iod-bu-157-projection-de-la-population-agee-de-15-a-34-ans-2008-2030\/","headline":"Projection de la population \u00e2g\u00e9e de 15 \u00e0 34 ans (2008-2030)","url":"https:\/\/iwacu-burundi.org\/opendata\/iod-bu-157-projection-de-la-population-agee-de-15-a-34-ans-2008-2030\/","datePublished":"2018-08-13","dateModified":"2020-10-06","mainEntityOfPage":"https:\/\/iwacu-burundi.org\/opendata\/iod-bu-157-projection-de-la-population-agee-de-15-a-34-ans-2008-2030\/","author":{"@type":"Person","@id":"https:\/\/iwacu-burundi.org\/opendata\/author\/iwacudataadminlo\/#Person","name":"R\u00e9daction Iwacu","url":"https:\/\/iwacu-burundi.org\/opendata\/author\/iwacudataadminlo\/","identifier":3,"image":{"@type":"ImageObject","@id":"https:\/\/secure.gravatar.com\/avatar\/81f9d32a9b37383c4c5c240fab00f3acd87202c0a1e6d380eba8e8819ef16512?s=96&d=blank&r=g","url":"https:\/\/secure.gravatar.com\/avatar\/81f9d32a9b37383c4c5c240fab00f3acd87202c0a1e6d380eba8e8819ef16512?s=96&d=blank&r=g","height":96,"width":96}},"publisher":{"@type":"Organization","name":"Groupe de Presse Iwacu","logo":{"@type":"ImageObject","@id":"https:\/\/iwacu-burundi.org\/opendata\/wp-content\/uploads\/2016\/08\/logo.jpg","url":"https:\/\/iwacu-burundi.org\/opendata\/wp-content\/uploads\/2016\/08\/logo.jpg","width":236,"height":134}},"image":{"@type":"ImageObject","@id":"https:\/\/iwacu-burundi.org\/opendata\/wp-content\/uploads\/2018\/08\/Projection-population-15-34.jpg","url":"https:\/\/iwacu-burundi.org\/opendata\/wp-content\/uploads\/2018\/08\/Projection-population-15-34.jpg","height":480,"width":604},"keywords":["d\u00e9mographie"]},{"@type":"BlogPosting","@id":"https:\/\/iwacu-burundi.org\/opendata\/iod-bu-123-survie-jusqua-65-ans-hommes-et-femmes\/","headline":"Survie jusqu\u2019\u00e0 65 ans, hommes et femmes (% de cohorte)","url":"https:\/\/iwacu-burundi.org\/opendata\/iod-bu-123-survie-jusqua-65-ans-hommes-et-femmes\/","datePublished":"2017-09-13","dateModified":"2020-10-06","mainEntityOfPage":"https:\/\/iwacu-burundi.org\/opendata\/iod-bu-123-survie-jusqua-65-ans-hommes-et-femmes\/","author":{"@type":"Person","@id":"https:\/\/iwacu-burundi.org\/opendata\/author\/iwacudataadminlo\/#Person","name":"R\u00e9daction Iwacu","url":"https:\/\/iwacu-burundi.org\/opendata\/author\/iwacudataadminlo\/","identifier":3,"image":{"@type":"ImageObject","@id":"https:\/\/secure.gravatar.com\/avatar\/81f9d32a9b37383c4c5c240fab00f3acd87202c0a1e6d380eba8e8819ef16512?s=96&d=blank&r=g","url":"https:\/\/secure.gravatar.com\/avatar\/81f9d32a9b37383c4c5c240fab00f3acd87202c0a1e6d380eba8e8819ef16512?s=96&d=blank&r=g","height":96,"width":96}},"publisher":{"@type":"Organization","name":"Groupe de Presse Iwacu","logo":{"@type":"ImageObject","@id":"https:\/\/iwacu-burundi.org\/opendata\/wp-content\/uploads\/2016\/08\/logo.jpg","url":"https:\/\/iwacu-burundi.org\/opendata\/wp-content\/uploads\/2016\/08\/logo.jpg","width":236,"height":134}},"image":{"@type":"ImageObject","@id":"https:\/\/iwacu-burundi.org\/opendata\/wp-content\/uploads\/2017\/09\/Survie-jusqu\u2019\u00e0-65-ans-hommes-et-femmes-.jpeg","url":"https:\/\/iwacu-burundi.org\/opendata\/wp-content\/uploads\/2017\/09\/Survie-jusqu\u2019\u00e0-65-ans-hommes-et-femmes-.jpeg","height":800,"width":1200},"keywords":["d\u00e9mographie"]},{"@type":"BlogPosting","@id":"https:\/\/iwacu-burundi.org\/opendata\/iod-bu-085-projection-de-la-population-par-province\/","headline":"Projection de la population par province (2008-2030)","url":"https:\/\/iwacu-burundi.org\/opendata\/iod-bu-085-projection-de-la-population-par-province\/","datePublished":"2017-06-27","dateModified":"2020-10-06","mainEntityOfPage":"https:\/\/iwacu-burundi.org\/opendata\/iod-bu-085-projection-de-la-population-par-province\/","author":{"@type":"Person","@id":"https:\/\/iwacu-burundi.org\/opendata\/author\/iwacudataadminlo\/#Person","name":"R\u00e9daction Iwacu","url":"https:\/\/iwacu-burundi.org\/opendata\/author\/iwacudataadminlo\/","identifier":3,"image":{"@type":"ImageObject","@id":"https:\/\/secure.gravatar.com\/avatar\/81f9d32a9b37383c4c5c240fab00f3acd87202c0a1e6d380eba8e8819ef16512?s=96&d=blank&r=g","url":"https:\/\/secure.gravatar.com\/avatar\/81f9d32a9b37383c4c5c240fab00f3acd87202c0a1e6d380eba8e8819ef16512?s=96&d=blank&r=g","height":96,"width":96}},"publisher":{"@type":"Organization","name":"Groupe de Presse Iwacu","logo":{"@type":"ImageObject","@id":"https:\/\/iwacu-burundi.org\/opendata\/wp-content\/uploads\/2016\/08\/logo.jpg","url":"https:\/\/iwacu-burundi.org\/opendata\/wp-content\/uploads\/2016\/08\/logo.jpg","width":236,"height":134}},"image":{"@type":"ImageObject","@id":"https:\/\/iwacu-burundi.org\/opendata\/wp-content\/uploads\/2017\/06\/Projection-de-la-population-par-province-en-2030.jpeg","url":"https:\/\/iwacu-burundi.org\/opendata\/wp-content\/uploads\/2017\/06\/Projection-de-la-population-par-province-en-2030.jpeg","height":800,"width":1200},"keywords":["d\u00e9mographie","Population"]},{"@type":"BlogPosting","@id":"https:\/\/iwacu-burundi.org\/opendata\/iod-bu-083-projection-population\/","headline":"Projection de la population (2008-2030)","url":"https:\/\/iwacu-burundi.org\/opendata\/iod-bu-083-projection-population\/","datePublished":"2017-06-26","dateModified":"2020-10-06","mainEntityOfPage":"https:\/\/iwacu-burundi.org\/opendata\/iod-bu-083-projection-population\/","author":{"@type":"Person","@id":"https:\/\/iwacu-burundi.org\/opendata\/author\/iwacudataadminlo\/#Person","name":"R\u00e9daction Iwacu","url":"https:\/\/iwacu-burundi.org\/opendata\/author\/iwacudataadminlo\/","identifier":3,"image":{"@type":"ImageObject","@id":"https:\/\/secure.gravatar.com\/avatar\/81f9d32a9b37383c4c5c240fab00f3acd87202c0a1e6d380eba8e8819ef16512?s=96&d=blank&r=g","url":"https:\/\/secure.gravatar.com\/avatar\/81f9d32a9b37383c4c5c240fab00f3acd87202c0a1e6d380eba8e8819ef16512?s=96&d=blank&r=g","height":96,"width":96}},"publisher":{"@type":"Organization","name":"Groupe de Presse Iwacu","logo":{"@type":"ImageObject","@id":"https:\/\/iwacu-burundi.org\/opendata\/wp-content\/uploads\/2016\/08\/logo.jpg","url":"https:\/\/iwacu-burundi.org\/opendata\/wp-content\/uploads\/2016\/08\/logo.jpg","width":236,"height":134}},"image":{"@type":"ImageObject","@id":"https:\/\/iwacu-burundi.org\/opendata\/wp-content\/uploads\/2017\/06\/Projection-population.jpeg","url":"https:\/\/iwacu-burundi.org\/opendata\/wp-content\/uploads\/2017\/06\/Projection-population.jpeg","height":800,"width":1200},"keywords":["d\u00e9mographie","Population"]},{"@type":"BlogPosting","@id":"https:\/\/iwacu-burundi.org\/opendata\/iod-bu-059-population-femmes\/","headline":"Population, femmes (%\u00a0du total)","url":"https:\/\/iwacu-burundi.org\/opendata\/iod-bu-059-population-femmes\/","datePublished":"2017-05-23","dateModified":"2020-10-06","mainEntityOfPage":"https:\/\/iwacu-burundi.org\/opendata\/iod-bu-059-population-femmes\/","author":{"@type":"Person","@id":"https:\/\/iwacu-burundi.org\/opendata\/author\/iwacudataadminlo\/#Person","name":"R\u00e9daction Iwacu","url":"https:\/\/iwacu-burundi.org\/opendata\/author\/iwacudataadminlo\/","identifier":3,"image":{"@type":"ImageObject","@id":"https:\/\/secure.gravatar.com\/avatar\/81f9d32a9b37383c4c5c240fab00f3acd87202c0a1e6d380eba8e8819ef16512?s=96&d=blank&r=g","url":"https:\/\/secure.gravatar.com\/avatar\/81f9d32a9b37383c4c5c240fab00f3acd87202c0a1e6d380eba8e8819ef16512?s=96&d=blank&r=g","height":96,"width":96}},"publisher":{"@type":"Organization","name":"Groupe de Presse Iwacu","logo":{"@type":"ImageObject","@id":"https:\/\/iwacu-burundi.org\/opendata\/wp-content\/uploads\/2016\/08\/logo.jpg","url":"https:\/\/iwacu-burundi.org\/opendata\/wp-content\/uploads\/2016\/08\/logo.jpg","width":236,"height":134}},"image":{"@type":"ImageObject","@id":"https:\/\/iwacu-burundi.org\/opendata\/wp-content\/uploads\/2017\/05\/femmes.jpeg","url":"https:\/\/iwacu-burundi.org\/opendata\/wp-content\/uploads\/2017\/05\/femmes.jpeg","height":800,"width":1200},"keywords":["d\u00e9mographie"]},{"@type":"BlogPosting","@id":"https:\/\/iwacu-burundi.org\/opendata\/iod-bu-058-croissance-population\/","headline":"Croissance de la population (1961-2019)","url":"https:\/\/iwacu-burundi.org\/opendata\/iod-bu-058-croissance-population\/","datePublished":"2017-05-23","dateModified":"2021-04-28","mainEntityOfPage":"https:\/\/iwacu-burundi.org\/opendata\/iod-bu-058-croissance-population\/","author":{"@type":"Person","@id":"https:\/\/iwacu-burundi.org\/opendata\/author\/iwacudataadminlo\/#Person","name":"R\u00e9daction Iwacu","url":"https:\/\/iwacu-burundi.org\/opendata\/author\/iwacudataadminlo\/","identifier":3,"image":{"@type":"ImageObject","@id":"https:\/\/secure.gravatar.com\/avatar\/81f9d32a9b37383c4c5c240fab00f3acd87202c0a1e6d380eba8e8819ef16512?s=96&d=blank&r=g","url":"https:\/\/secure.gravatar.com\/avatar\/81f9d32a9b37383c4c5c240fab00f3acd87202c0a1e6d380eba8e8819ef16512?s=96&d=blank&r=g","height":96,"width":96}},"publisher":{"@type":"Organization","name":"Groupe de Presse Iwacu","logo":{"@type":"ImageObject","@id":"https:\/\/iwacu-burundi.org\/opendata\/wp-content\/uploads\/2016\/08\/logo.jpg","url":"https:\/\/iwacu-burundi.org\/opendata\/wp-content\/uploads\/2016\/08\/logo.jpg","width":236,"height":134}},"image":{"@type":"ImageObject","@id":"https:\/\/iwacu-burundi.org\/opendata\/wp-content\/uploads\/2017\/05\/croissance-de-la-population-1961-2019-.png","url":"https:\/\/iwacu-burundi.org\/opendata\/wp-content\/uploads\/2017\/05\/croissance-de-la-population-1961-2019-.png","height":840,"width":1240},"keywords":["d\u00e9mographie"]},{"@type":"BlogPosting","@id":"https:\/\/iwacu-burundi.org\/opendata\/iod-bu-027-provinces\/","headline":"Provinces du Burundi","url":"https:\/\/iwacu-burundi.org\/opendata\/iod-bu-027-provinces\/","datePublished":"2016-10-20","dateModified":"2020-10-06","mainEntityOfPage":"https:\/\/iwacu-burundi.org\/opendata\/iod-bu-027-provinces\/","author":{"@type":"Person","@id":"https:\/\/iwacu-burundi.org\/opendata\/author\/iwacudataadminlo\/#Person","name":"R\u00e9daction Iwacu","url":"https:\/\/iwacu-burundi.org\/opendata\/author\/iwacudataadminlo\/","identifier":3,"image":{"@type":"ImageObject","@id":"https:\/\/secure.gravatar.com\/avatar\/81f9d32a9b37383c4c5c240fab00f3acd87202c0a1e6d380eba8e8819ef16512?s=96&d=blank&r=g","url":"https:\/\/secure.gravatar.com\/avatar\/81f9d32a9b37383c4c5c240fab00f3acd87202c0a1e6d380eba8e8819ef16512?s=96&d=blank&r=g","height":96,"width":96}},"publisher":{"@type":"Organization","name":"Groupe de Presse Iwacu","logo":{"@type":"ImageObject","@id":"https:\/\/iwacu-burundi.org\/opendata\/wp-content\/uploads\/2016\/08\/logo.jpg","url":"https:\/\/iwacu-burundi.org\/opendata\/wp-content\/uploads\/2016\/08\/logo.jpg","width":236,"height":134}},"image":{"@type":"ImageObject","@id":"https:\/\/iwacu-burundi.org\/opendata\/wp-content\/uploads\/2016\/10\/carte.jpg","url":"https:\/\/iwacu-burundi.org\/opendata\/wp-content\/uploads\/2016\/10\/carte.jpg","height":479,"width":519},"keywords":["d\u00e9mographie"]},{"@type":"BlogPosting","@id":"https:\/\/iwacu-burundi.org\/opendata\/iod-bu-014-croissance-population-urbaine\/","headline":"Croissance de la population urbaine (1960-2020)","url":"https:\/\/iwacu-burundi.org\/opendata\/iod-bu-014-croissance-population-urbaine\/","datePublished":"2016-09-05","dateModified":"2022-05-09","mainEntityOfPage":"https:\/\/iwacu-burundi.org\/opendata\/iod-bu-014-croissance-population-urbaine\/","author":{"@type":"Person","@id":"https:\/\/iwacu-burundi.org\/opendata\/author\/laurence\/#Person","name":"Laurence Dierickx","url":"https:\/\/iwacu-burundi.org\/opendata\/author\/laurence\/","identifier":1,"image":{"@type":"ImageObject","@id":"https:\/\/secure.gravatar.com\/avatar\/6799c8760e248a1f96ac2b6428cadcbeec0b3651b8d1cb1d33db5104a88ba732?s=96&d=blank&r=g","url":"https:\/\/secure.gravatar.com\/avatar\/6799c8760e248a1f96ac2b6428cadcbeec0b3651b8d1cb1d33db5104a88ba732?s=96&d=blank&r=g","height":96,"width":96}},"publisher":{"@type":"Organization","name":"Groupe de Presse Iwacu","logo":{"@type":"ImageObject","@id":"https:\/\/iwacu-burundi.org\/opendata\/wp-content\/uploads\/2016\/08\/logo.jpg","url":"https:\/\/iwacu-burundi.org\/opendata\/wp-content\/uploads\/2016\/08\/logo.jpg","width":236,"height":134}},"image":{"@type":"ImageObject","@id":"https:\/\/iwacu-burundi.org\/opendata\/wp-content\/uploads\/2016\/09\/croissance-de-la-population-urbaine-annuel-.png","url":"https:\/\/iwacu-burundi.org\/opendata\/wp-content\/uploads\/2016\/09\/croissance-de-la-population-urbaine-annuel-.png","height":840,"width":1240},"keywords":["d\u00e9mographie"]},{"@type":"BlogPosting","@id":"https:\/\/iwacu-burundi.org\/opendata\/iod-bu-009-taux-de-mortalite-infantile\/","headline":"Taux de mortalit\u00e9 infantile (1964-2015)","url":"https:\/\/iwacu-burundi.org\/opendata\/iod-bu-009-taux-de-mortalite-infantile\/","datePublished":"2016-09-05","dateModified":"2020-10-06","mainEntityOfPage":"https:\/\/iwacu-burundi.org\/opendata\/iod-bu-009-taux-de-mortalite-infantile\/","author":{"@type":"Person","@id":"https:\/\/iwacu-burundi.org\/opendata\/author\/iwacudataadminlo\/#Person","name":"R\u00e9daction Iwacu","url":"https:\/\/iwacu-burundi.org\/opendata\/author\/iwacudataadminlo\/","identifier":3,"image":{"@type":"ImageObject","@id":"https:\/\/secure.gravatar.com\/avatar\/81f9d32a9b37383c4c5c240fab00f3acd87202c0a1e6d380eba8e8819ef16512?s=96&d=blank&r=g","url":"https:\/\/secure.gravatar.com\/avatar\/81f9d32a9b37383c4c5c240fab00f3acd87202c0a1e6d380eba8e8819ef16512?s=96&d=blank&r=g","height":96,"width":96}},"publisher":{"@type":"Organization","name":"Groupe de Presse Iwacu","logo":{"@type":"ImageObject","@id":"https:\/\/iwacu-burundi.org\/opendata\/wp-content\/uploads\/2016\/08\/logo.jpg","url":"https:\/\/iwacu-burundi.org\/opendata\/wp-content\/uploads\/2016\/08\/logo.jpg","width":236,"height":134}},"image":{"@type":"ImageObject","@id":"https:\/\/iwacu-burundi.org\/opendata\/wp-content\/uploads\/2016\/09\/chart1.png","url":"https:\/\/iwacu-burundi.org\/opendata\/wp-content\/uploads\/2016\/09\/chart1.png","height":800,"width":1200},"keywords":["d\u00e9mographie"]},{"@type":"BlogPosting","@id":"https:\/\/iwacu-burundi.org\/opendata\/iod-bu-008-taux-fecondite\/","headline":"Evolution du taux de f\u00e9condit\u00e9 (1960-2017)","url":"https:\/\/iwacu-burundi.org\/opendata\/iod-bu-008-taux-fecondite\/","datePublished":"2016-09-05","dateModified":"2020-10-06","mainEntityOfPage":"https:\/\/iwacu-burundi.org\/opendata\/iod-bu-008-taux-fecondite\/","author":{"@type":"Person","@id":"https:\/\/iwacu-burundi.org\/opendata\/author\/laurence\/#Person","name":"Laurence Dierickx","url":"https:\/\/iwacu-burundi.org\/opendata\/author\/laurence\/","identifier":1,"image":{"@type":"ImageObject","@id":"https:\/\/secure.gravatar.com\/avatar\/6799c8760e248a1f96ac2b6428cadcbeec0b3651b8d1cb1d33db5104a88ba732?s=96&d=blank&r=g","url":"https:\/\/secure.gravatar.com\/avatar\/6799c8760e248a1f96ac2b6428cadcbeec0b3651b8d1cb1d33db5104a88ba732?s=96&d=blank&r=g","height":96,"width":96}},"publisher":{"@type":"Organization","name":"Groupe de Presse Iwacu","logo":{"@type":"ImageObject","@id":"https:\/\/iwacu-burundi.org\/opendata\/wp-content\/uploads\/2016\/08\/logo.jpg","url":"https:\/\/iwacu-burundi.org\/opendata\/wp-content\/uploads\/2016\/08\/logo.jpg","width":236,"height":134}},"image":{"@type":"ImageObject","@id":"https:\/\/iwacu-burundi.org\/opendata\/wp-content\/uploads\/2016\/09\/Taux-de-fecondit\u00e9.jpeg","url":"https:\/\/iwacu-burundi.org\/opendata\/wp-content\/uploads\/2016\/09\/Taux-de-fecondit\u00e9.jpeg","height":800,"width":1200},"keywords":["d\u00e9mographie"]}]}