{"@context":"https:\/\/schema.org\/","@type":"BlogPosting","@id":"https:\/\/iwacu-burundi.org\/opendata\/iod-bu-192-part-des-enfants-dun-an-vaccines-contre-la-poliomyelite\/#BlogPosting","mainEntityOfPage":"https:\/\/iwacu-burundi.org\/opendata\/iod-bu-192-part-des-enfants-dun-an-vaccines-contre-la-poliomyelite\/","headline":"Burundi : Part des enfants d&rsquo;un an vaccin\u00e9s contre la poliomy\u00e9lite","name":"Burundi : Part des enfants d&rsquo;un an vaccin\u00e9s contre la poliomy\u00e9lite","description":"La poliomy\u00e9lite est une maladie infectieuse, contract\u00e9e principalement par les enfants, qui peut entra\u00eener la paralysie permanente de diverses parties du corps et peut finalement entra\u00eener la mort en immobilisant les muscles respiratoires du patient.","datePublished":"2021-03-31","dateModified":"2021-03-31","author":{"@type":"Person","@id":"https:\/\/iwacu-burundi.org\/opendata\/author\/iwacudataadminlo\/#Person","name":"R\u00e9daction Iwacu","url":"https:\/\/iwacu-burundi.org\/opendata\/author\/iwacudataadminlo\/","identifier":3,"image":{"@type":"ImageObject","@id":"https:\/\/secure.gravatar.com\/avatar\/81f9d32a9b37383c4c5c240fab00f3acd87202c0a1e6d380eba8e8819ef16512?s=96&d=blank&r=g","url":"https:\/\/secure.gravatar.com\/avatar\/81f9d32a9b37383c4c5c240fab00f3acd87202c0a1e6d380eba8e8819ef16512?s=96&d=blank&r=g","height":96,"width":96}},"publisher":{"@type":"Organization","name":"Groupe de Presse Iwacu","logo":{"@type":"ImageObject","@id":"https:\/\/iwacu-burundi.org\/opendata\/wp-content\/uploads\/2016\/08\/logo.jpg","url":"https:\/\/iwacu-burundi.org\/opendata\/wp-content\/uploads\/2016\/08\/logo.jpg","width":236,"height":134}},"image":{"@type":"ImageObject","@id":"https:\/\/iwacu-burundi.org\/opendata\/wp-content\/uploads\/2021\/03\/poliomy-lite-d-enfants-d-un-an-vaccin-s-.png","url":"https:\/\/iwacu-burundi.org\/opendata\/wp-content\/uploads\/2021\/03\/poliomy-lite-d-enfants-d-un-an-vaccin-s-.png","height":840,"width":1240},"url":"https:\/\/iwacu-burundi.org\/opendata\/iod-bu-192-part-des-enfants-dun-an-vaccines-contre-la-poliomyelite\/","about":["Sant\u00e9"],"wordCount":39,"keywords":["poliomy\u00e9lite","vaccination"]}