{"@context":"https:\/\/schema.org\/","@type":"CollectionPage","@id":"https:\/\/iwacu-burundi.org\/opendata\/cat\/societe\/#CollectionPage","headline":"Soci\u00e9t\u00e9 Category","description":"<p>Les jeux de donn\u00e9es <strong>Soci\u00e9t\u00e9<\/strong> sont relatifs \u00e0 tous les domaines li\u00e9s \u00e0 ce champ d&rsquo;application, caract\u00e9ris\u00e9 par <strong>les aspects du comportement humain qui affectent la qualit\u00e9 de vie<\/strong> : d\u00e9mographie et population, pauvret\u00e9, services sociaux,&#8230; Sont \u00e9galement reprises dans cette cat\u00e9gorie, les donn\u00e9es relatives \u00e0 la justice (crimes et d\u00e9lits, population<br \/>\ncarc\u00e9rale,&#8230;).<\/p>\n","url":"https:\/\/iwacu-burundi.org\/opendata\/cat\/societe\/","hasPart":[{"@type":"BlogPosting","@id":"https:\/\/iwacu-burundi.org\/opendata\/iod-bu-057-installations-assainissement-ameliorees\/","headline":"Installations d\u2019assainissement am\u00e9lior\u00e9es (%\u00a0de la population y ayant acc\u00e8s)","url":"https:\/\/iwacu-burundi.org\/opendata\/iod-bu-057-installations-assainissement-ameliorees\/","datePublished":"2017-05-22","dateModified":"2020-10-06","mainEntityOfPage":"https:\/\/iwacu-burundi.org\/opendata\/iod-bu-057-installations-assainissement-ameliorees\/","author":{"@type":"Person","@id":"https:\/\/iwacu-burundi.org\/opendata\/author\/iwacudataadminlo\/#Person","name":"R\u00e9daction Iwacu","url":"https:\/\/iwacu-burundi.org\/opendata\/author\/iwacudataadminlo\/","identifier":3,"image":{"@type":"ImageObject","@id":"https:\/\/secure.gravatar.com\/avatar\/81f9d32a9b37383c4c5c240fab00f3acd87202c0a1e6d380eba8e8819ef16512?s=96&d=blank&r=g","url":"https:\/\/secure.gravatar.com\/avatar\/81f9d32a9b37383c4c5c240fab00f3acd87202c0a1e6d380eba8e8819ef16512?s=96&d=blank&r=g","height":96,"width":96}},"publisher":{"@type":"Organization","name":"Groupe de Presse Iwacu","logo":{"@type":"ImageObject","@id":"https:\/\/iwacu-burundi.org\/opendata\/wp-content\/uploads\/2016\/08\/logo.jpg","url":"https:\/\/iwacu-burundi.org\/opendata\/wp-content\/uploads\/2016\/08\/logo.jpg","width":236,"height":134}},"image":{"@type":"ImageObject","@id":"https:\/\/iwacu-burundi.org\/opendata\/wp-content\/uploads\/2017\/05\/Installations-d\u2019assainissement-am\u00e9lior\u00e9es.jpeg","url":"https:\/\/iwacu-burundi.org\/opendata\/wp-content\/uploads\/2017\/05\/Installations-d\u2019assainissement-am\u00e9lior\u00e9es.jpeg","height":800,"width":1200},"keywords":["Hygi\u00e8ne"]},{"@type":"BlogPosting","@id":"https:\/\/iwacu-burundi.org\/opendata\/iod-bu-053-repartition-refugies-burundais\/","headline":"R\u00e9partition des r\u00e9fugi\u00e9s burundais par pays","url":"https:\/\/iwacu-burundi.org\/opendata\/iod-bu-053-repartition-refugies-burundais\/","datePublished":"2017-05-17","dateModified":"2020-10-06","mainEntityOfPage":"https:\/\/iwacu-burundi.org\/opendata\/iod-bu-053-repartition-refugies-burundais\/","author":{"@type":"Person","@id":"https:\/\/iwacu-burundi.org\/opendata\/author\/iwacudataadminlo\/#Person","name":"R\u00e9daction Iwacu","url":"https:\/\/iwacu-burundi.org\/opendata\/author\/iwacudataadminlo\/","identifier":3,"image":{"@type":"ImageObject","@id":"https:\/\/secure.gravatar.com\/avatar\/81f9d32a9b37383c4c5c240fab00f3acd87202c0a1e6d380eba8e8819ef16512?s=96&d=blank&r=g","url":"https:\/\/secure.gravatar.com\/avatar\/81f9d32a9b37383c4c5c240fab00f3acd87202c0a1e6d380eba8e8819ef16512?s=96&d=blank&r=g","height":96,"width":96}},"publisher":{"@type":"Organization","name":"Groupe de Presse Iwacu","logo":{"@type":"ImageObject","@id":"https:\/\/iwacu-burundi.org\/opendata\/wp-content\/uploads\/2016\/08\/logo.jpg","url":"https:\/\/iwacu-burundi.org\/opendata\/wp-content\/uploads\/2016\/08\/logo.jpg","width":236,"height":134}},"image":{"@type":"ImageObject","@id":"https:\/\/iwacu-burundi.org\/opendata\/wp-content\/uploads\/2017\/05\/r\u00e9fugi\u00e9s.jpeg","url":"https:\/\/iwacu-burundi.org\/opendata\/wp-content\/uploads\/2017\/05\/r\u00e9fugi\u00e9s.jpeg","height":800,"width":1200},"keywords":["r\u00e9fugi\u00e9"]},{"@type":"BlogPosting","@id":"https:\/\/iwacu-burundi.org\/opendata\/iod-bu-052-migration-nette\/","headline":"Migration nette au Burundi (1962-2017)","url":"https:\/\/iwacu-burundi.org\/opendata\/iod-bu-052-migration-nette\/","datePublished":"2017-05-15","dateModified":"2020-10-06","mainEntityOfPage":"https:\/\/iwacu-burundi.org\/opendata\/iod-bu-052-migration-nette\/","author":{"@type":"Person","@id":"https:\/\/iwacu-burundi.org\/opendata\/author\/iwacudataadminlo\/#Person","name":"R\u00e9daction Iwacu","url":"https:\/\/iwacu-burundi.org\/opendata\/author\/iwacudataadminlo\/","identifier":3,"image":{"@type":"ImageObject","@id":"https:\/\/secure.gravatar.com\/avatar\/81f9d32a9b37383c4c5c240fab00f3acd87202c0a1e6d380eba8e8819ef16512?s=96&d=blank&r=g","url":"https:\/\/secure.gravatar.com\/avatar\/81f9d32a9b37383c4c5c240fab00f3acd87202c0a1e6d380eba8e8819ef16512?s=96&d=blank&r=g","height":96,"width":96}},"publisher":{"@type":"Organization","name":"Groupe de Presse Iwacu","logo":{"@type":"ImageObject","@id":"https:\/\/iwacu-burundi.org\/opendata\/wp-content\/uploads\/2016\/08\/logo.jpg","url":"https:\/\/iwacu-burundi.org\/opendata\/wp-content\/uploads\/2016\/08\/logo.jpg","width":236,"height":134}},"image":{"@type":"ImageObject","@id":"https:\/\/iwacu-burundi.org\/opendata\/wp-content\/uploads\/2017\/05\/Migration-nette.jpeg","url":"https:\/\/iwacu-burundi.org\/opendata\/wp-content\/uploads\/2017\/05\/Migration-nette.jpeg","height":800,"width":1200},"keywords":["migrants"]},{"@type":"BlogPosting","@id":"https:\/\/iwacu-burundi.org\/opendata\/iod-bu-048-depenses-militaires\/","headline":"D\u00e9penses militaires au Burundi de 1988 \u00e0 2015 (% du PIB)","url":"https:\/\/iwacu-burundi.org\/opendata\/iod-bu-048-depenses-militaires\/","datePublished":"2017-04-24","dateModified":"2020-10-06","mainEntityOfPage":"https:\/\/iwacu-burundi.org\/opendata\/iod-bu-048-depenses-militaires\/","author":{"@type":"Person","@id":"https:\/\/iwacu-burundi.org\/opendata\/author\/iwacudataadminlo\/#Person","name":"R\u00e9daction Iwacu","url":"https:\/\/iwacu-burundi.org\/opendata\/author\/iwacudataadminlo\/","identifier":3,"image":{"@type":"ImageObject","@id":"https:\/\/secure.gravatar.com\/avatar\/81f9d32a9b37383c4c5c240fab00f3acd87202c0a1e6d380eba8e8819ef16512?s=96&d=blank&r=g","url":"https:\/\/secure.gravatar.com\/avatar\/81f9d32a9b37383c4c5c240fab00f3acd87202c0a1e6d380eba8e8819ef16512?s=96&d=blank&r=g","height":96,"width":96}},"publisher":{"@type":"Organization","name":"Groupe de Presse Iwacu","logo":{"@type":"ImageObject","@id":"https:\/\/iwacu-burundi.org\/opendata\/wp-content\/uploads\/2016\/08\/logo.jpg","url":"https:\/\/iwacu-burundi.org\/opendata\/wp-content\/uploads\/2016\/08\/logo.jpg","width":236,"height":134}},"image":{"@type":"ImageObject","@id":"https:\/\/iwacu-burundi.org\/opendata\/wp-content\/uploads\/2017\/04\/depenses.jpeg","url":"https:\/\/iwacu-burundi.org\/opendata\/wp-content\/uploads\/2017\/04\/depenses.jpeg","height":800,"width":1200},"keywords":["forces arm\u00e9es"]},{"@type":"BlogPosting","@id":"https:\/\/iwacu-burundi.org\/opendata\/iod-bu-047-liste-des-presidents-de-lassemblee-nationale\/","headline":"Liste des Pr\u00e9sidents de l&rsquo;Assembl\u00e9e nationale du Burundi","url":"https:\/\/iwacu-burundi.org\/opendata\/iod-bu-047-liste-des-presidents-de-lassemblee-nationale\/","datePublished":"2017-04-13","dateModified":"2020-10-06","mainEntityOfPage":"https:\/\/iwacu-burundi.org\/opendata\/iod-bu-047-liste-des-presidents-de-lassemblee-nationale\/","author":{"@type":"Person","@id":"https:\/\/iwacu-burundi.org\/opendata\/author\/iwacudataadminlo\/#Person","name":"R\u00e9daction Iwacu","url":"https:\/\/iwacu-burundi.org\/opendata\/author\/iwacudataadminlo\/","identifier":3,"image":{"@type":"ImageObject","@id":"https:\/\/secure.gravatar.com\/avatar\/81f9d32a9b37383c4c5c240fab00f3acd87202c0a1e6d380eba8e8819ef16512?s=96&d=blank&r=g","url":"https:\/\/secure.gravatar.com\/avatar\/81f9d32a9b37383c4c5c240fab00f3acd87202c0a1e6d380eba8e8819ef16512?s=96&d=blank&r=g","height":96,"width":96}},"publisher":{"@type":"Organization","name":"Groupe de Presse Iwacu","logo":{"@type":"ImageObject","@id":"https:\/\/iwacu-burundi.org\/opendata\/wp-content\/uploads\/2016\/08\/logo.jpg","url":"https:\/\/iwacu-burundi.org\/opendata\/wp-content\/uploads\/2016\/08\/logo.jpg","width":236,"height":134}},"image":{"@type":"ImageObject","@id":"https:\/\/iwacu-burundi.org\/opendata\/wp-content\/uploads\/2017\/04\/Questions-orales-au-gouvernement.jpg","url":"https:\/\/iwacu-burundi.org\/opendata\/wp-content\/uploads\/2017\/04\/Questions-orales-au-gouvernement.jpg","height":1329,"width":2000},"keywords":["Assembl\u00e9e nationale"]},{"@type":"BlogPosting","@id":"https:\/\/iwacu-burundi.org\/opendata\/iod-bu-027-provinces\/","headline":"Provinces du Burundi","url":"https:\/\/iwacu-burundi.org\/opendata\/iod-bu-027-provinces\/","datePublished":"2016-10-20","dateModified":"2020-10-06","mainEntityOfPage":"https:\/\/iwacu-burundi.org\/opendata\/iod-bu-027-provinces\/","author":{"@type":"Person","@id":"https:\/\/iwacu-burundi.org\/opendata\/author\/iwacudataadminlo\/#Person","name":"R\u00e9daction Iwacu","url":"https:\/\/iwacu-burundi.org\/opendata\/author\/iwacudataadminlo\/","identifier":3,"image":{"@type":"ImageObject","@id":"https:\/\/secure.gravatar.com\/avatar\/81f9d32a9b37383c4c5c240fab00f3acd87202c0a1e6d380eba8e8819ef16512?s=96&d=blank&r=g","url":"https:\/\/secure.gravatar.com\/avatar\/81f9d32a9b37383c4c5c240fab00f3acd87202c0a1e6d380eba8e8819ef16512?s=96&d=blank&r=g","height":96,"width":96}},"publisher":{"@type":"Organization","name":"Groupe de Presse Iwacu","logo":{"@type":"ImageObject","@id":"https:\/\/iwacu-burundi.org\/opendata\/wp-content\/uploads\/2016\/08\/logo.jpg","url":"https:\/\/iwacu-burundi.org\/opendata\/wp-content\/uploads\/2016\/08\/logo.jpg","width":236,"height":134}},"image":{"@type":"ImageObject","@id":"https:\/\/iwacu-burundi.org\/opendata\/wp-content\/uploads\/2016\/10\/carte.jpg","url":"https:\/\/iwacu-burundi.org\/opendata\/wp-content\/uploads\/2016\/10\/carte.jpg","height":479,"width":519},"keywords":["d\u00e9mographie"]},{"@type":"BlogPosting","@id":"https:\/\/iwacu-burundi.org\/opendata\/iod-bu-035-travail-enfants\/","headline":"Travail des enfants (2009-2015)","url":"https:\/\/iwacu-burundi.org\/opendata\/iod-bu-035-travail-enfants\/","datePublished":"2016-10-15","dateModified":"2020-10-06","mainEntityOfPage":"https:\/\/iwacu-burundi.org\/opendata\/iod-bu-035-travail-enfants\/","author":{"@type":"Person","@id":"https:\/\/iwacu-burundi.org\/opendata\/author\/laurence\/#Person","name":"Laurence Dierickx","url":"https:\/\/iwacu-burundi.org\/opendata\/author\/laurence\/","identifier":1,"image":{"@type":"ImageObject","@id":"https:\/\/secure.gravatar.com\/avatar\/6799c8760e248a1f96ac2b6428cadcbeec0b3651b8d1cb1d33db5104a88ba732?s=96&d=blank&r=g","url":"https:\/\/secure.gravatar.com\/avatar\/6799c8760e248a1f96ac2b6428cadcbeec0b3651b8d1cb1d33db5104a88ba732?s=96&d=blank&r=g","height":96,"width":96}},"publisher":{"@type":"Organization","name":"Groupe de Presse Iwacu","logo":{"@type":"ImageObject","@id":"https:\/\/iwacu-burundi.org\/opendata\/wp-content\/uploads\/2016\/08\/logo.jpg","url":"https:\/\/iwacu-burundi.org\/opendata\/wp-content\/uploads\/2016\/08\/logo.jpg","width":236,"height":134}},"image":{"@type":"ImageObject","@id":"https:\/\/iwacu-burundi.org\/opendata\/wp-content\/uploads\/2016\/10\/travail_enfants_burundi.jpg","url":"https:\/\/iwacu-burundi.org\/opendata\/wp-content\/uploads\/2016\/10\/travail_enfants_burundi.jpg","height":800,"width":1200},"keywords":["enfance"]},{"@type":"BlogPosting","@id":"https:\/\/iwacu-burundi.org\/opendata\/iod-bu-028-abonnes-telephonie-mobile\/","headline":"Abonn\u00e9s \u00e0 la t\u00e9l\u00e9phonie mobile (1993 &#8211; 2019)","url":"https:\/\/iwacu-burundi.org\/opendata\/iod-bu-028-abonnes-telephonie-mobile\/","datePublished":"2016-10-10","dateModified":"2021-03-05","mainEntityOfPage":"https:\/\/iwacu-burundi.org\/opendata\/iod-bu-028-abonnes-telephonie-mobile\/","author":{"@type":"Person","@id":"https:\/\/iwacu-burundi.org\/opendata\/author\/iwacudataadminlo\/#Person","name":"R\u00e9daction Iwacu","url":"https:\/\/iwacu-burundi.org\/opendata\/author\/iwacudataadminlo\/","identifier":3,"image":{"@type":"ImageObject","@id":"https:\/\/secure.gravatar.com\/avatar\/81f9d32a9b37383c4c5c240fab00f3acd87202c0a1e6d380eba8e8819ef16512?s=96&d=blank&r=g","url":"https:\/\/secure.gravatar.com\/avatar\/81f9d32a9b37383c4c5c240fab00f3acd87202c0a1e6d380eba8e8819ef16512?s=96&d=blank&r=g","height":96,"width":96}},"publisher":{"@type":"Organization","name":"Groupe de Presse Iwacu","logo":{"@type":"ImageObject","@id":"https:\/\/iwacu-burundi.org\/opendata\/wp-content\/uploads\/2016\/08\/logo.jpg","url":"https:\/\/iwacu-burundi.org\/opendata\/wp-content\/uploads\/2016\/08\/logo.jpg","width":236,"height":134}},"image":{"@type":"ImageObject","@id":"https:\/\/iwacu-burundi.org\/opendata\/wp-content\/uploads\/2016\/10\/Abonnes-telephonie-mobile-1993-2019-.png","url":"https:\/\/iwacu-burundi.org\/opendata\/wp-content\/uploads\/2016\/10\/Abonnes-telephonie-mobile-1993-2019-.png","height":1502,"width":1240},"keywords":["t\u00e9l\u00e9communications"]},{"@type":"BlogPosting","@id":"https:\/\/iwacu-burundi.org\/opendata\/iod-bu-033-resultats-elections-2010\/","headline":"R\u00e9sultats des \u00e9lections de 2010 au Burundi","url":"https:\/\/iwacu-burundi.org\/opendata\/iod-bu-033-resultats-elections-2010\/","datePublished":"2016-09-20","dateModified":"2020-10-06","mainEntityOfPage":"https:\/\/iwacu-burundi.org\/opendata\/iod-bu-033-resultats-elections-2010\/","author":{"@type":"Person","@id":"https:\/\/iwacu-burundi.org\/opendata\/author\/iwacudataadminlo\/#Person","name":"R\u00e9daction Iwacu","url":"https:\/\/iwacu-burundi.org\/opendata\/author\/iwacudataadminlo\/","identifier":3,"image":{"@type":"ImageObject","@id":"https:\/\/secure.gravatar.com\/avatar\/81f9d32a9b37383c4c5c240fab00f3acd87202c0a1e6d380eba8e8819ef16512?s=96&d=blank&r=g","url":"https:\/\/secure.gravatar.com\/avatar\/81f9d32a9b37383c4c5c240fab00f3acd87202c0a1e6d380eba8e8819ef16512?s=96&d=blank&r=g","height":96,"width":96}},"publisher":{"@type":"Organization","name":"Groupe de Presse Iwacu","logo":{"@type":"ImageObject","@id":"https:\/\/iwacu-burundi.org\/opendata\/wp-content\/uploads\/2016\/08\/logo.jpg","url":"https:\/\/iwacu-burundi.org\/opendata\/wp-content\/uploads\/2016\/08\/logo.jpg","width":236,"height":134}},"image":null,"keywords":["\u00e9lections","politique"]},{"@type":"BlogPosting","@id":"https:\/\/iwacu-burundi.org\/opendata\/iod-bu-020-utilisateurs-internet\/","headline":"Utilisateurs d&rsquo;internet (1996-2015)","url":"https:\/\/iwacu-burundi.org\/opendata\/iod-bu-020-utilisateurs-internet\/","datePublished":"2016-09-07","dateModified":"2020-10-06","mainEntityOfPage":"https:\/\/iwacu-burundi.org\/opendata\/iod-bu-020-utilisateurs-internet\/","author":{"@type":"Person","@id":"https:\/\/iwacu-burundi.org\/opendata\/author\/iwacudataadminlo\/#Person","name":"R\u00e9daction Iwacu","url":"https:\/\/iwacu-burundi.org\/opendata\/author\/iwacudataadminlo\/","identifier":3,"image":{"@type":"ImageObject","@id":"https:\/\/secure.gravatar.com\/avatar\/81f9d32a9b37383c4c5c240fab00f3acd87202c0a1e6d380eba8e8819ef16512?s=96&d=blank&r=g","url":"https:\/\/secure.gravatar.com\/avatar\/81f9d32a9b37383c4c5c240fab00f3acd87202c0a1e6d380eba8e8819ef16512?s=96&d=blank&r=g","height":96,"width":96}},"publisher":{"@type":"Organization","name":"Groupe de Presse Iwacu","logo":{"@type":"ImageObject","@id":"https:\/\/iwacu-burundi.org\/opendata\/wp-content\/uploads\/2016\/08\/logo.jpg","url":"https:\/\/iwacu-burundi.org\/opendata\/wp-content\/uploads\/2016\/08\/logo.jpg","width":236,"height":134}},"image":{"@type":"ImageObject","@id":"https:\/\/iwacu-burundi.org\/opendata\/wp-content\/uploads\/2016\/09\/Utilisateurs-internet.jpeg","url":"https:\/\/iwacu-burundi.org\/opendata\/wp-content\/uploads\/2016\/09\/Utilisateurs-internet.jpeg","height":800,"width":1200},"keywords":["usage des nouvelles technologies"]}]}